{"id":1796,"date":"2017-11-26T19:39:15","date_gmt":"2017-11-26T19:39:15","guid":{"rendered":"http:\/\/www.ciascom.com\/?p=1796\/"},"modified":"2017-11-26T19:39:15","modified_gmt":"2017-11-26T19:39:15","slug":"cias-com-va-assistir-passat-14-novembre-la-fira-hygienaliapulire","status":"publish","type":"post","link":"https:\/\/www.ciascom.com\/ca\/cias-com-va-assistir-passat-14-novembre-la-fira-hygienaliapulire\/","title":{"rendered":"CIAS COM va assistir el passat 14 de novembre a la Fira Hygienalia+Pulire."},"content":{"rendered":"<p>Celebrada en el Recinto Ferial de la Casa de Campo de Madrid. Es tracta de la trobada firal del sector de la neteja, la higiene professional i la bugaderia m\u00e9s gran d&#8217;Espanya, que aquest 2017 celebrava la seva quarta edici\u00f3. La fira comptava amb gran nombre d&#8217;expositors de maquin\u00e0ria, productes, utensilis, etc., juntament amb demostracions de maquin\u00e0ria per abrillantar s\u00f2ls, perxes per a neteja de cristalls en altura, o el concurs nacional de neteja de cristalls. Tamb\u00e9 es van celebrar confer\u00e8ncies sobre temes espec\u00edfics del sector.<\/p>\n<p>A CIAS COM est\u00e0vem especialment interessats en la conferencia \u201cNeteja i higiene en instal\u00b7lacions esportives i piscines\u201d<em>,<\/em> at\u00e8s que es tractaven temes sensibles amb els quals treballem habitualment; d&#8217;una banda, la prevenci\u00f3 de legionel\u00b7losi, i per l&#8217;altre, la neteja espec\u00edfica d&#8217;aquest tipus d&#8217;instal\u00b7lacions amb les quals tamb\u00e9 treballem ass\u00edduament.<\/p>\n<p>Vam descobrir les novetats en maquin\u00e0ria i en productes de neteja ecol\u00f2gics, podent comprovar que cada vegada hi ha m\u00e9s prove\u00efdors de productes de neteja amb etiqueta <em>EcoLabel<\/em>, evidenciant tamb\u00e9 que s&#8217;est\u00e0 avan\u00e7ant a fer m\u00e9s ecol\u00f2gic la forma de subministrar-los, apostant per la reducci\u00f3 de pl\u00e0stics, servint productes m\u00e9s concentrats, o fins i tot, en forma de monodosi amb env\u00e0s soluble en aigua. Per acabar, vam descobrir nous i interessants productes i utensilis dedicats a la neteja del sector sanitari. En definitiva, una jornada molt engrescadora.<\/p>\n","protected":false},"excerpt":{"rendered":"<p>Celebrada en el Recinto Ferial de la Casa de Campo de Madrid. Es tracta de la trobada firal del sector de la neteja, la higiene professional i la bugaderia m\u00e9s gran d&#8217;Espanya, que aquest 2017 celebrava la seva quarta edici\u00f3. La fira comptava amb gran nombre d&#8217;expositors de maquin\u00e0ria, productes, utensilis, etc., juntament amb demostracions&hellip;<\/p>\n","protected":false},"author":2,"featured_media":1793,"comment_status":"closed","ping_status":"open","sticky":false,"template":"","format":"standard","meta":[],"categories":[43],"tags":[],"class_list":["post-1796","post","type-post","status-publish","format-standard","has-post-thumbnail","hentry","category-noticies","category-43","description-off"],"yoast_head":"<!-- This site is optimized with the Yoast SEO plugin v27.3 - https:\/\/yoast.com\/product\/yoast-seo-wordpress\/ -->\n<title>CIAS COM va assistir el passat 14 de novembre a la Fira Hygienalia+Pulire. - Ciascom<\/title>\n<meta name=\"robots\" content=\"index, follow, max-snippet:-1, max-image-preview:large, max-video-preview:-1\" \/>\n<link rel=\"canonical\" href=\"https:\/\/www.ciascom.com\/ca\/cias-com-va-assistir-passat-14-novembre-la-fira-hygienaliapulire\/\" \/>\n<meta property=\"og:locale\" content=\"ca_ES\" \/>\n<meta property=\"og:type\" content=\"article\" \/>\n<meta property=\"og:title\" content=\"CIAS COM va assistir el passat 14 de novembre a la Fira Hygienalia+Pulire. - Ciascom\" \/>\n<meta property=\"og:description\" content=\"Celebrada en el Recinto Ferial de la Casa de Campo de Madrid. Es tracta de la trobada firal del sector de la neteja, la higiene professional i la bugaderia m\u00e9s gran d&#8217;Espanya, que aquest 2017 celebrava la seva quarta edici\u00f3. La fira comptava amb gran nombre d&#8217;expositors de maquin\u00e0ria, productes, utensilis, etc., juntament amb demostracions&hellip;\" \/>\n<meta property=\"og:url\" content=\"https:\/\/www.ciascom.com\/ca\/cias-com-va-assistir-passat-14-novembre-la-fira-hygienaliapulire\/\" \/>\n<meta property=\"og:site_name\" content=\"Ciascom\" \/>\n<meta property=\"article:published_time\" content=\"2017-11-26T19:39:15+00:00\" \/>\n<meta property=\"og:image\" content=\"https:\/\/www.ciascom.com\/wp-content\/uploads\/2017\/11\/01_e1hygi.jpg\" \/>\n\t<meta property=\"og:image:width\" content=\"700\" \/>\n\t<meta property=\"og:image:height\" content=\"612\" \/>\n\t<meta property=\"og:image:type\" content=\"image\/jpeg\" \/>\n<meta name=\"author\" content=\"ciascom\" \/>\n<meta name=\"twitter:label1\" content=\"Escrit per\" \/>\n\t<meta name=\"twitter:data1\" content=\"ciascom\" \/>\n\t<meta name=\"twitter:label2\" content=\"Temps estimat de lectura\" \/>\n\t<meta name=\"twitter:data2\" content=\"1 minut\" \/>\n<script type=\"application\/ld+json\" class=\"yoast-schema-graph\">{\"@context\":\"https:\\\/\\\/schema.org\",\"@graph\":[{\"@type\":\"Article\",\"@id\":\"https:\\\/\\\/www.ciascom.com\\\/ca\\\/cias-com-va-assistir-passat-14-novembre-la-fira-hygienaliapulire\\\/#article\",\"isPartOf\":{\"@id\":\"https:\\\/\\\/www.ciascom.com\\\/ca\\\/cias-com-va-assistir-passat-14-novembre-la-fira-hygienaliapulire\\\/\"},\"author\":{\"name\":\"ciascom\",\"@id\":\"https:\\\/\\\/www.ciascom.com\\\/ca\\\/#\\\/schema\\\/person\\\/00bc71c83e3447b8a7db37b6759babdb\"},\"headline\":\"CIAS COM va assistir el passat 14 de novembre a la Fira Hygienalia+Pulire.\",\"datePublished\":\"2017-11-26T19:39:15+00:00\",\"mainEntityOfPage\":{\"@id\":\"https:\\\/\\\/www.ciascom.com\\\/ca\\\/cias-com-va-assistir-passat-14-novembre-la-fira-hygienaliapulire\\\/\"},\"wordCount\":257,\"image\":{\"@id\":\"https:\\\/\\\/www.ciascom.com\\\/ca\\\/cias-com-va-assistir-passat-14-novembre-la-fira-hygienaliapulire\\\/#primaryimage\"},\"thumbnailUrl\":\"https:\\\/\\\/www.ciascom.com\\\/wp-content\\\/uploads\\\/2017\\\/11\\\/01_e1hygi.jpg\",\"articleSection\":[\"Noticies\"],\"inLanguage\":\"ca\"},{\"@type\":\"WebPage\",\"@id\":\"https:\\\/\\\/www.ciascom.com\\\/ca\\\/cias-com-va-assistir-passat-14-novembre-la-fira-hygienaliapulire\\\/\",\"url\":\"https:\\\/\\\/www.ciascom.com\\\/ca\\\/cias-com-va-assistir-passat-14-novembre-la-fira-hygienaliapulire\\\/\",\"name\":\"CIAS COM va assistir el passat 14 de novembre a la Fira Hygienalia+Pulire. - Ciascom\",\"isPartOf\":{\"@id\":\"https:\\\/\\\/www.ciascom.com\\\/ca\\\/#website\"},\"primaryImageOfPage\":{\"@id\":\"https:\\\/\\\/www.ciascom.com\\\/ca\\\/cias-com-va-assistir-passat-14-novembre-la-fira-hygienaliapulire\\\/#primaryimage\"},\"image\":{\"@id\":\"https:\\\/\\\/www.ciascom.com\\\/ca\\\/cias-com-va-assistir-passat-14-novembre-la-fira-hygienaliapulire\\\/#primaryimage\"},\"thumbnailUrl\":\"https:\\\/\\\/www.ciascom.com\\\/wp-content\\\/uploads\\\/2017\\\/11\\\/01_e1hygi.jpg\",\"datePublished\":\"2017-11-26T19:39:15+00:00\",\"author\":{\"@id\":\"https:\\\/\\\/www.ciascom.com\\\/ca\\\/#\\\/schema\\\/person\\\/00bc71c83e3447b8a7db37b6759babdb\"},\"breadcrumb\":{\"@id\":\"https:\\\/\\\/www.ciascom.com\\\/ca\\\/cias-com-va-assistir-passat-14-novembre-la-fira-hygienaliapulire\\\/#breadcrumb\"},\"inLanguage\":\"ca\",\"potentialAction\":[{\"@type\":\"ReadAction\",\"target\":[\"https:\\\/\\\/www.ciascom.com\\\/ca\\\/cias-com-va-assistir-passat-14-novembre-la-fira-hygienaliapulire\\\/\"]}]},{\"@type\":\"ImageObject\",\"inLanguage\":\"ca\",\"@id\":\"https:\\\/\\\/www.ciascom.com\\\/ca\\\/cias-com-va-assistir-passat-14-novembre-la-fira-hygienaliapulire\\\/#primaryimage\",\"url\":\"https:\\\/\\\/www.ciascom.com\\\/wp-content\\\/uploads\\\/2017\\\/11\\\/01_e1hygi.jpg\",\"contentUrl\":\"https:\\\/\\\/www.ciascom.com\\\/wp-content\\\/uploads\\\/2017\\\/11\\\/01_e1hygi.jpg\",\"width\":700,\"height\":612},{\"@type\":\"BreadcrumbList\",\"@id\":\"https:\\\/\\\/www.ciascom.com\\\/ca\\\/cias-com-va-assistir-passat-14-novembre-la-fira-hygienaliapulire\\\/#breadcrumb\",\"itemListElement\":[{\"@type\":\"ListItem\",\"position\":1,\"name\":\"Inicio\",\"item\":\"https:\\\/\\\/www.ciascom.com\\\/ca\\\/\"},{\"@type\":\"ListItem\",\"position\":2,\"name\":\"CIAS COM va assistir el passat 14 de novembre a la Fira Hygienalia+Pulire.\"}]},{\"@type\":\"WebSite\",\"@id\":\"https:\\\/\\\/www.ciascom.com\\\/ca\\\/#website\",\"url\":\"https:\\\/\\\/www.ciascom.com\\\/ca\\\/\",\"name\":\"Ciascom\",\"description\":\"CIAS COM consultor\u00eda especializada en la contrataci\u00f3n, control de servicios generales y gesti\u00f3n de la eficiencia energ\u00e9tica en Administraciones P\u00fablicas y organizaciones privadas\",\"potentialAction\":[{\"@type\":\"SearchAction\",\"target\":{\"@type\":\"EntryPoint\",\"urlTemplate\":\"https:\\\/\\\/www.ciascom.com\\\/ca\\\/?s={search_term_string}\"},\"query-input\":{\"@type\":\"PropertyValueSpecification\",\"valueRequired\":true,\"valueName\":\"search_term_string\"}}],\"inLanguage\":\"ca\"},{\"@type\":\"Person\",\"@id\":\"https:\\\/\\\/www.ciascom.com\\\/ca\\\/#\\\/schema\\\/person\\\/00bc71c83e3447b8a7db37b6759babdb\",\"name\":\"ciascom\",\"image\":{\"@type\":\"ImageObject\",\"inLanguage\":\"ca\",\"@id\":\"https:\\\/\\\/www.ciascom.com\\\/wp-content\\\/litespeed\\\/avatar\\\/8da8d99007e142e37ede0cf27d029ea7.jpg?ver=1777297052\",\"url\":\"https:\\\/\\\/www.ciascom.com\\\/wp-content\\\/litespeed\\\/avatar\\\/8da8d99007e142e37ede0cf27d029ea7.jpg?ver=1777297052\",\"contentUrl\":\"https:\\\/\\\/www.ciascom.com\\\/wp-content\\\/litespeed\\\/avatar\\\/8da8d99007e142e37ede0cf27d029ea7.jpg?ver=1777297052\",\"caption\":\"ciascom\"},\"url\":\"https:\\\/\\\/www.ciascom.com\\\/ca\\\/author\\\/ciascom\\\/\"}]}<\/script>\n<!-- \/ Yoast SEO plugin. -->","yoast_head_json":{"title":"CIAS COM va assistir el passat 14 de novembre a la Fira Hygienalia+Pulire. - Ciascom","robots":{"index":"index","follow":"follow","max-snippet":"max-snippet:-1","max-image-preview":"max-image-preview:large","max-video-preview":"max-video-preview:-1"},"canonical":"https:\/\/www.ciascom.com\/ca\/cias-com-va-assistir-passat-14-novembre-la-fira-hygienaliapulire\/","og_locale":"ca_ES","og_type":"article","og_title":"CIAS COM va assistir el passat 14 de novembre a la Fira Hygienalia+Pulire. - Ciascom","og_description":"Celebrada en el Recinto Ferial de la Casa de Campo de Madrid. Es tracta de la trobada firal del sector de la neteja, la higiene professional i la bugaderia m\u00e9s gran d&#8217;Espanya, que aquest 2017 celebrava la seva quarta edici\u00f3. La fira comptava amb gran nombre d&#8217;expositors de maquin\u00e0ria, productes, utensilis, etc., juntament amb demostracions&hellip;","og_url":"https:\/\/www.ciascom.com\/ca\/cias-com-va-assistir-passat-14-novembre-la-fira-hygienaliapulire\/","og_site_name":"Ciascom","article_published_time":"2017-11-26T19:39:15+00:00","og_image":[{"width":700,"height":612,"url":"https:\/\/www.ciascom.com\/wp-content\/uploads\/2017\/11\/01_e1hygi.jpg","type":"image\/jpeg"}],"author":"ciascom","twitter_misc":{"Escrit per":"ciascom","Temps estimat de lectura":"1 minut"},"schema":{"@context":"https:\/\/schema.org","@graph":[{"@type":"Article","@id":"https:\/\/www.ciascom.com\/ca\/cias-com-va-assistir-passat-14-novembre-la-fira-hygienaliapulire\/#article","isPartOf":{"@id":"https:\/\/www.ciascom.com\/ca\/cias-com-va-assistir-passat-14-novembre-la-fira-hygienaliapulire\/"},"author":{"name":"ciascom","@id":"https:\/\/www.ciascom.com\/ca\/#\/schema\/person\/00bc71c83e3447b8a7db37b6759babdb"},"headline":"CIAS COM va assistir el passat 14 de novembre a la Fira Hygienalia+Pulire.","datePublished":"2017-11-26T19:39:15+00:00","mainEntityOfPage":{"@id":"https:\/\/www.ciascom.com\/ca\/cias-com-va-assistir-passat-14-novembre-la-fira-hygienaliapulire\/"},"wordCount":257,"image":{"@id":"https:\/\/www.ciascom.com\/ca\/cias-com-va-assistir-passat-14-novembre-la-fira-hygienaliapulire\/#primaryimage"},"thumbnailUrl":"https:\/\/www.ciascom.com\/wp-content\/uploads\/2017\/11\/01_e1hygi.jpg","articleSection":["Noticies"],"inLanguage":"ca"},{"@type":"WebPage","@id":"https:\/\/www.ciascom.com\/ca\/cias-com-va-assistir-passat-14-novembre-la-fira-hygienaliapulire\/","url":"https:\/\/www.ciascom.com\/ca\/cias-com-va-assistir-passat-14-novembre-la-fira-hygienaliapulire\/","name":"CIAS COM va assistir el passat 14 de novembre a la Fira Hygienalia+Pulire. - Ciascom","isPartOf":{"@id":"https:\/\/www.ciascom.com\/ca\/#website"},"primaryImageOfPage":{"@id":"https:\/\/www.ciascom.com\/ca\/cias-com-va-assistir-passat-14-novembre-la-fira-hygienaliapulire\/#primaryimage"},"image":{"@id":"https:\/\/www.ciascom.com\/ca\/cias-com-va-assistir-passat-14-novembre-la-fira-hygienaliapulire\/#primaryimage"},"thumbnailUrl":"https:\/\/www.ciascom.com\/wp-content\/uploads\/2017\/11\/01_e1hygi.jpg","datePublished":"2017-11-26T19:39:15+00:00","author":{"@id":"https:\/\/www.ciascom.com\/ca\/#\/schema\/person\/00bc71c83e3447b8a7db37b6759babdb"},"breadcrumb":{"@id":"https:\/\/www.ciascom.com\/ca\/cias-com-va-assistir-passat-14-novembre-la-fira-hygienaliapulire\/#breadcrumb"},"inLanguage":"ca","potentialAction":[{"@type":"ReadAction","target":["https:\/\/www.ciascom.com\/ca\/cias-com-va-assistir-passat-14-novembre-la-fira-hygienaliapulire\/"]}]},{"@type":"ImageObject","inLanguage":"ca","@id":"https:\/\/www.ciascom.com\/ca\/cias-com-va-assistir-passat-14-novembre-la-fira-hygienaliapulire\/#primaryimage","url":"https:\/\/www.ciascom.com\/wp-content\/uploads\/2017\/11\/01_e1hygi.jpg","contentUrl":"https:\/\/www.ciascom.com\/wp-content\/uploads\/2017\/11\/01_e1hygi.jpg","width":700,"height":612},{"@type":"BreadcrumbList","@id":"https:\/\/www.ciascom.com\/ca\/cias-com-va-assistir-passat-14-novembre-la-fira-hygienaliapulire\/#breadcrumb","itemListElement":[{"@type":"ListItem","position":1,"name":"Inicio","item":"https:\/\/www.ciascom.com\/ca\/"},{"@type":"ListItem","position":2,"name":"CIAS COM va assistir el passat 14 de novembre a la Fira Hygienalia+Pulire."}]},{"@type":"WebSite","@id":"https:\/\/www.ciascom.com\/ca\/#website","url":"https:\/\/www.ciascom.com\/ca\/","name":"Ciascom","description":"CIAS COM consultor\u00eda especializada en la contrataci\u00f3n, control de servicios generales y gesti\u00f3n de la eficiencia energ\u00e9tica en Administraciones P\u00fablicas y organizaciones privadas","potentialAction":[{"@type":"SearchAction","target":{"@type":"EntryPoint","urlTemplate":"https:\/\/www.ciascom.com\/ca\/?s={search_term_string}"},"query-input":{"@type":"PropertyValueSpecification","valueRequired":true,"valueName":"search_term_string"}}],"inLanguage":"ca"},{"@type":"Person","@id":"https:\/\/www.ciascom.com\/ca\/#\/schema\/person\/00bc71c83e3447b8a7db37b6759babdb","name":"ciascom","image":{"@type":"ImageObject","inLanguage":"ca","@id":"https:\/\/www.ciascom.com\/wp-content\/litespeed\/avatar\/8da8d99007e142e37ede0cf27d029ea7.jpg?ver=1777297052","url":"https:\/\/www.ciascom.com\/wp-content\/litespeed\/avatar\/8da8d99007e142e37ede0cf27d029ea7.jpg?ver=1777297052","contentUrl":"https:\/\/www.ciascom.com\/wp-content\/litespeed\/avatar\/8da8d99007e142e37ede0cf27d029ea7.jpg?ver=1777297052","caption":"ciascom"},"url":"https:\/\/www.ciascom.com\/ca\/author\/ciascom\/"}]}},"_links":{"self":[{"href":"https:\/\/www.ciascom.com\/ca\/wp-json\/wp\/v2\/posts\/1796","targetHints":{"allow":["GET"]}}],"collection":[{"href":"https:\/\/www.ciascom.com\/ca\/wp-json\/wp\/v2\/posts"}],"about":[{"href":"https:\/\/www.ciascom.com\/ca\/wp-json\/wp\/v2\/types\/post"}],"author":[{"embeddable":true,"href":"https:\/\/www.ciascom.com\/ca\/wp-json\/wp\/v2\/users\/2"}],"replies":[{"embeddable":true,"href":"https:\/\/www.ciascom.com\/ca\/wp-json\/wp\/v2\/comments?post=1796"}],"version-history":[{"count":1,"href":"https:\/\/www.ciascom.com\/ca\/wp-json\/wp\/v2\/posts\/1796\/revisions"}],"predecessor-version":[{"id":1797,"href":"https:\/\/www.ciascom.com\/ca\/wp-json\/wp\/v2\/posts\/1796\/revisions\/1797"}],"wp:featuredmedia":[{"embeddable":true,"href":"https:\/\/www.ciascom.com\/ca\/wp-json\/wp\/v2\/media\/1793"}],"wp:attachment":[{"href":"https:\/\/www.ciascom.com\/ca\/wp-json\/wp\/v2\/media?parent=1796"}],"wp:term":[{"taxonomy":"category","embeddable":true,"href":"https:\/\/www.ciascom.com\/ca\/wp-json\/wp\/v2\/categories?post=1796"},{"taxonomy":"post_tag","embeddable":true,"href":"https:\/\/www.ciascom.com\/ca\/wp-json\/wp\/v2\/tags?post=1796"}],"curies":[{"name":"wp","href":"https:\/\/api.w.org\/{rel}","templated":true}]}}