{"id":1740,"date":"2017-03-05T18:43:17","date_gmt":"2017-03-05T18:43:17","guid":{"rendered":"http:\/\/www.ciascom.com\/cias-com-ha-implementado-un-plan-de-racionalizacion-y-gestion-energetica-en-el-ministerio-de-justicia\/"},"modified":"2017-05-30T20:35:32","modified_gmt":"2017-05-30T20:35:32","slug":"cias-com-ha-implementado-un-plan-de-racionalizacion-y-gestion-energetica-en-el-ministerio-de-justicia","status":"publish","type":"post","link":"https:\/\/www.ciascom.com\/ca\/cias-com-ha-implementado-un-plan-de-racionalizacion-y-gestion-energetica-en-el-ministerio-de-justicia\/","title":{"rendered":"CIAS COM ha implementat un Pla de racionalitzaci\u00f3 i gesti\u00f3 energ\u00e8tica al Ministeri de Just\u00edcia"},"content":{"rendered":"<p>CIAS COM ha implementat un Pla de racionalitzaci\u00f3 i gesti\u00f3 energ\u00e8tica durant l\u2019exercici 2016 que inclou gaireb\u00e9 300 edificis judicials d\u2019aquesta Administraci\u00f3 p\u00fablica. En una primera fase, CIAS COM va optimitzar la contractaci\u00f3 dels subministraments d\u2019electricitat i va instaurar un sistema de comptabilitat energ\u00e8tica. Posteriorment, es va implantar un sistema de monitoritzaci\u00f3 que permet controlar el 70 % del consum d\u2019electricitat del parc d\u2019edificis del Ministeri de Just\u00edcia. El software de gesti\u00f3 energ\u00e8tica utilitzat ha estat DEXCell Energy Manager, de l\u2019empresa DEXMA, de la qual CIAS COM \u00e9s gold partner. Amb el sistema de gesti\u00f3 energ\u00e8tica s\u2019ha generat un estalvi anual consolidat superior a 1,5 M\u20ac (el 22 % de la despesa energ\u00e8tica en electricitat). <a title=\"Referencias\" href=\"http:\/\/www.ciascom.com\/ca\/referencies\/\">Cas d\u2019\u00e8xit<\/a><\/p>\n","protected":false},"excerpt":{"rendered":"<p>CIAS COM ha implementat un Pla de racionalitzaci\u00f3 i gesti\u00f3 energ\u00e8tica durant l\u2019exercici 2016 que inclou gaireb\u00e9 300 edificis judicials d\u2019aquesta Administraci\u00f3 p\u00fablica. En una primera fase, CIAS COM va optimitzar la contractaci\u00f3 dels subministraments d\u2019electricitat i va instaurar un sistema de comptabilitat energ\u00e8tica. Posteriorment, es va implantar un sistema de monitoritzaci\u00f3 que permet controlar&hellip;<\/p>\n","protected":false},"author":1,"featured_media":1480,"comment_status":"closed","ping_status":"open","sticky":false,"template":"","format":"standard","meta":[],"categories":[43],"tags":[],"class_list":["post-1740","post","type-post","status-publish","format-standard","has-post-thumbnail","hentry","category-noticies","category-43","description-off"],"yoast_head":"<!-- This site is optimized with the Yoast SEO plugin v27.3 - https:\/\/yoast.com\/product\/yoast-seo-wordpress\/ -->\n<title>CIAS COM ha implementat un Pla de racionalitzaci\u00f3 i gesti\u00f3 energ\u00e8tica al Ministeri de Just\u00edcia - Ciascom<\/title>\n<meta name=\"robots\" content=\"index, follow, max-snippet:-1, max-image-preview:large, max-video-preview:-1\" \/>\n<link rel=\"canonical\" href=\"https:\/\/www.ciascom.com\/ca\/cias-com-ha-implementado-un-plan-de-racionalizacion-y-gestion-energetica-en-el-ministerio-de-justicia\/\" \/>\n<meta property=\"og:locale\" content=\"ca_ES\" \/>\n<meta property=\"og:type\" content=\"article\" \/>\n<meta property=\"og:title\" content=\"CIAS COM ha implementat un Pla de racionalitzaci\u00f3 i gesti\u00f3 energ\u00e8tica al Ministeri de Just\u00edcia - Ciascom\" \/>\n<meta property=\"og:description\" content=\"CIAS COM ha implementat un Pla de racionalitzaci\u00f3 i gesti\u00f3 energ\u00e8tica durant l\u2019exercici 2016 que inclou gaireb\u00e9 300 edificis judicials d\u2019aquesta Administraci\u00f3 p\u00fablica. En una primera fase, CIAS COM va optimitzar la contractaci\u00f3 dels subministraments d\u2019electricitat i va instaurar un sistema de comptabilitat energ\u00e8tica. Posteriorment, es va implantar un sistema de monitoritzaci\u00f3 que permet controlar&hellip;\" \/>\n<meta property=\"og:url\" content=\"https:\/\/www.ciascom.com\/ca\/cias-com-ha-implementado-un-plan-de-racionalizacion-y-gestion-energetica-en-el-ministerio-de-justicia\/\" \/>\n<meta property=\"og:site_name\" content=\"Ciascom\" \/>\n<meta property=\"article:published_time\" content=\"2017-03-05T18:43:17+00:00\" \/>\n<meta property=\"article:modified_time\" content=\"2017-05-30T20:35:32+00:00\" \/>\n<meta property=\"og:image\" content=\"https:\/\/www.ciascom.com\/wp-content\/uploads\/2017\/03\/n1.jpg\" \/>\n\t<meta property=\"og:image:width\" content=\"528\" \/>\n\t<meta property=\"og:image:height\" content=\"395\" \/>\n\t<meta property=\"og:image:type\" content=\"image\/jpeg\" \/>\n<meta name=\"author\" content=\"admin001\" \/>\n<meta name=\"twitter:label1\" content=\"Escrit per\" \/>\n\t<meta name=\"twitter:data1\" content=\"admin001\" \/>\n\t<meta name=\"twitter:label2\" content=\"Temps estimat de lectura\" \/>\n\t<meta name=\"twitter:data2\" content=\"1 minut\" \/>\n<script type=\"application\/ld+json\" class=\"yoast-schema-graph\">{\"@context\":\"https:\\\/\\\/schema.org\",\"@graph\":[{\"@type\":\"Article\",\"@id\":\"https:\\\/\\\/www.ciascom.com\\\/ca\\\/cias-com-ha-implementado-un-plan-de-racionalizacion-y-gestion-energetica-en-el-ministerio-de-justicia\\\/#article\",\"isPartOf\":{\"@id\":\"https:\\\/\\\/www.ciascom.com\\\/ca\\\/cias-com-ha-implementado-un-plan-de-racionalizacion-y-gestion-energetica-en-el-ministerio-de-justicia\\\/\"},\"author\":{\"name\":\"admin001\",\"@id\":\"https:\\\/\\\/www.ciascom.com\\\/ca\\\/#\\\/schema\\\/person\\\/4962d323b61089eed5fd98b6a6e331e8\"},\"headline\":\"CIAS COM ha implementat un Pla de racionalitzaci\u00f3 i gesti\u00f3 energ\u00e8tica al Ministeri de Just\u00edcia\",\"datePublished\":\"2017-03-05T18:43:17+00:00\",\"dateModified\":\"2017-05-30T20:35:32+00:00\",\"mainEntityOfPage\":{\"@id\":\"https:\\\/\\\/www.ciascom.com\\\/ca\\\/cias-com-ha-implementado-un-plan-de-racionalizacion-y-gestion-energetica-en-el-ministerio-de-justicia\\\/\"},\"wordCount\":142,\"image\":{\"@id\":\"https:\\\/\\\/www.ciascom.com\\\/ca\\\/cias-com-ha-implementado-un-plan-de-racionalizacion-y-gestion-energetica-en-el-ministerio-de-justicia\\\/#primaryimage\"},\"thumbnailUrl\":\"https:\\\/\\\/www.ciascom.com\\\/wp-content\\\/uploads\\\/2017\\\/03\\\/n1.jpg\",\"articleSection\":[\"Noticies\"],\"inLanguage\":\"ca\"},{\"@type\":\"WebPage\",\"@id\":\"https:\\\/\\\/www.ciascom.com\\\/ca\\\/cias-com-ha-implementado-un-plan-de-racionalizacion-y-gestion-energetica-en-el-ministerio-de-justicia\\\/\",\"url\":\"https:\\\/\\\/www.ciascom.com\\\/ca\\\/cias-com-ha-implementado-un-plan-de-racionalizacion-y-gestion-energetica-en-el-ministerio-de-justicia\\\/\",\"name\":\"CIAS COM ha implementat un Pla de racionalitzaci\u00f3 i gesti\u00f3 energ\u00e8tica al Ministeri de Just\u00edcia - Ciascom\",\"isPartOf\":{\"@id\":\"https:\\\/\\\/www.ciascom.com\\\/ca\\\/#website\"},\"primaryImageOfPage\":{\"@id\":\"https:\\\/\\\/www.ciascom.com\\\/ca\\\/cias-com-ha-implementado-un-plan-de-racionalizacion-y-gestion-energetica-en-el-ministerio-de-justicia\\\/#primaryimage\"},\"image\":{\"@id\":\"https:\\\/\\\/www.ciascom.com\\\/ca\\\/cias-com-ha-implementado-un-plan-de-racionalizacion-y-gestion-energetica-en-el-ministerio-de-justicia\\\/#primaryimage\"},\"thumbnailUrl\":\"https:\\\/\\\/www.ciascom.com\\\/wp-content\\\/uploads\\\/2017\\\/03\\\/n1.jpg\",\"datePublished\":\"2017-03-05T18:43:17+00:00\",\"dateModified\":\"2017-05-30T20:35:32+00:00\",\"author\":{\"@id\":\"https:\\\/\\\/www.ciascom.com\\\/ca\\\/#\\\/schema\\\/person\\\/4962d323b61089eed5fd98b6a6e331e8\"},\"breadcrumb\":{\"@id\":\"https:\\\/\\\/www.ciascom.com\\\/ca\\\/cias-com-ha-implementado-un-plan-de-racionalizacion-y-gestion-energetica-en-el-ministerio-de-justicia\\\/#breadcrumb\"},\"inLanguage\":\"ca\",\"potentialAction\":[{\"@type\":\"ReadAction\",\"target\":[\"https:\\\/\\\/www.ciascom.com\\\/ca\\\/cias-com-ha-implementado-un-plan-de-racionalizacion-y-gestion-energetica-en-el-ministerio-de-justicia\\\/\"]}]},{\"@type\":\"ImageObject\",\"inLanguage\":\"ca\",\"@id\":\"https:\\\/\\\/www.ciascom.com\\\/ca\\\/cias-com-ha-implementado-un-plan-de-racionalizacion-y-gestion-energetica-en-el-ministerio-de-justicia\\\/#primaryimage\",\"url\":\"https:\\\/\\\/www.ciascom.com\\\/wp-content\\\/uploads\\\/2017\\\/03\\\/n1.jpg\",\"contentUrl\":\"https:\\\/\\\/www.ciascom.com\\\/wp-content\\\/uploads\\\/2017\\\/03\\\/n1.jpg\",\"width\":528,\"height\":395},{\"@type\":\"BreadcrumbList\",\"@id\":\"https:\\\/\\\/www.ciascom.com\\\/ca\\\/cias-com-ha-implementado-un-plan-de-racionalizacion-y-gestion-energetica-en-el-ministerio-de-justicia\\\/#breadcrumb\",\"itemListElement\":[{\"@type\":\"ListItem\",\"position\":1,\"name\":\"Inicio\",\"item\":\"https:\\\/\\\/www.ciascom.com\\\/ca\\\/\"},{\"@type\":\"ListItem\",\"position\":2,\"name\":\"CIAS COM ha implementat un Pla de racionalitzaci\u00f3 i gesti\u00f3 energ\u00e8tica al Ministeri de Just\u00edcia\"}]},{\"@type\":\"WebSite\",\"@id\":\"https:\\\/\\\/www.ciascom.com\\\/ca\\\/#website\",\"url\":\"https:\\\/\\\/www.ciascom.com\\\/ca\\\/\",\"name\":\"Ciascom\",\"description\":\"CIAS COM consultor\u00eda especializada en la contrataci\u00f3n, control de servicios generales y gesti\u00f3n de la eficiencia energ\u00e9tica en Administraciones P\u00fablicas y organizaciones privadas\",\"potentialAction\":[{\"@type\":\"SearchAction\",\"target\":{\"@type\":\"EntryPoint\",\"urlTemplate\":\"https:\\\/\\\/www.ciascom.com\\\/ca\\\/?s={search_term_string}\"},\"query-input\":{\"@type\":\"PropertyValueSpecification\",\"valueRequired\":true,\"valueName\":\"search_term_string\"}}],\"inLanguage\":\"ca\"},{\"@type\":\"Person\",\"@id\":\"https:\\\/\\\/www.ciascom.com\\\/ca\\\/#\\\/schema\\\/person\\\/4962d323b61089eed5fd98b6a6e331e8\",\"name\":\"admin001\",\"image\":{\"@type\":\"ImageObject\",\"inLanguage\":\"ca\",\"@id\":\"https:\\\/\\\/www.ciascom.com\\\/wp-content\\\/litespeed\\\/avatar\\\/f46cfc33ec8637a8f3ad757f50517b28.jpg?ver=1777286793\",\"url\":\"https:\\\/\\\/www.ciascom.com\\\/wp-content\\\/litespeed\\\/avatar\\\/f46cfc33ec8637a8f3ad757f50517b28.jpg?ver=1777286793\",\"contentUrl\":\"https:\\\/\\\/www.ciascom.com\\\/wp-content\\\/litespeed\\\/avatar\\\/f46cfc33ec8637a8f3ad757f50517b28.jpg?ver=1777286793\",\"caption\":\"admin001\"},\"url\":\"https:\\\/\\\/www.ciascom.com\\\/ca\\\/author\\\/admin001\\\/\"}]}<\/script>\n<!-- \/ Yoast SEO plugin. -->","yoast_head_json":{"title":"CIAS COM ha implementat un Pla de racionalitzaci\u00f3 i gesti\u00f3 energ\u00e8tica al Ministeri de Just\u00edcia - Ciascom","robots":{"index":"index","follow":"follow","max-snippet":"max-snippet:-1","max-image-preview":"max-image-preview:large","max-video-preview":"max-video-preview:-1"},"canonical":"https:\/\/www.ciascom.com\/ca\/cias-com-ha-implementado-un-plan-de-racionalizacion-y-gestion-energetica-en-el-ministerio-de-justicia\/","og_locale":"ca_ES","og_type":"article","og_title":"CIAS COM ha implementat un Pla de racionalitzaci\u00f3 i gesti\u00f3 energ\u00e8tica al Ministeri de Just\u00edcia - Ciascom","og_description":"CIAS COM ha implementat un Pla de racionalitzaci\u00f3 i gesti\u00f3 energ\u00e8tica durant l\u2019exercici 2016 que inclou gaireb\u00e9 300 edificis judicials d\u2019aquesta Administraci\u00f3 p\u00fablica. En una primera fase, CIAS COM va optimitzar la contractaci\u00f3 dels subministraments d\u2019electricitat i va instaurar un sistema de comptabilitat energ\u00e8tica. Posteriorment, es va implantar un sistema de monitoritzaci\u00f3 que permet controlar&hellip;","og_url":"https:\/\/www.ciascom.com\/ca\/cias-com-ha-implementado-un-plan-de-racionalizacion-y-gestion-energetica-en-el-ministerio-de-justicia\/","og_site_name":"Ciascom","article_published_time":"2017-03-05T18:43:17+00:00","article_modified_time":"2017-05-30T20:35:32+00:00","og_image":[{"width":528,"height":395,"url":"https:\/\/www.ciascom.com\/wp-content\/uploads\/2017\/03\/n1.jpg","type":"image\/jpeg"}],"author":"admin001","twitter_misc":{"Escrit per":"admin001","Temps estimat de lectura":"1 minut"},"schema":{"@context":"https:\/\/schema.org","@graph":[{"@type":"Article","@id":"https:\/\/www.ciascom.com\/ca\/cias-com-ha-implementado-un-plan-de-racionalizacion-y-gestion-energetica-en-el-ministerio-de-justicia\/#article","isPartOf":{"@id":"https:\/\/www.ciascom.com\/ca\/cias-com-ha-implementado-un-plan-de-racionalizacion-y-gestion-energetica-en-el-ministerio-de-justicia\/"},"author":{"name":"admin001","@id":"https:\/\/www.ciascom.com\/ca\/#\/schema\/person\/4962d323b61089eed5fd98b6a6e331e8"},"headline":"CIAS COM ha implementat un Pla de racionalitzaci\u00f3 i gesti\u00f3 energ\u00e8tica al Ministeri de Just\u00edcia","datePublished":"2017-03-05T18:43:17+00:00","dateModified":"2017-05-30T20:35:32+00:00","mainEntityOfPage":{"@id":"https:\/\/www.ciascom.com\/ca\/cias-com-ha-implementado-un-plan-de-racionalizacion-y-gestion-energetica-en-el-ministerio-de-justicia\/"},"wordCount":142,"image":{"@id":"https:\/\/www.ciascom.com\/ca\/cias-com-ha-implementado-un-plan-de-racionalizacion-y-gestion-energetica-en-el-ministerio-de-justicia\/#primaryimage"},"thumbnailUrl":"https:\/\/www.ciascom.com\/wp-content\/uploads\/2017\/03\/n1.jpg","articleSection":["Noticies"],"inLanguage":"ca"},{"@type":"WebPage","@id":"https:\/\/www.ciascom.com\/ca\/cias-com-ha-implementado-un-plan-de-racionalizacion-y-gestion-energetica-en-el-ministerio-de-justicia\/","url":"https:\/\/www.ciascom.com\/ca\/cias-com-ha-implementado-un-plan-de-racionalizacion-y-gestion-energetica-en-el-ministerio-de-justicia\/","name":"CIAS COM ha implementat un Pla de racionalitzaci\u00f3 i gesti\u00f3 energ\u00e8tica al Ministeri de Just\u00edcia - Ciascom","isPartOf":{"@id":"https:\/\/www.ciascom.com\/ca\/#website"},"primaryImageOfPage":{"@id":"https:\/\/www.ciascom.com\/ca\/cias-com-ha-implementado-un-plan-de-racionalizacion-y-gestion-energetica-en-el-ministerio-de-justicia\/#primaryimage"},"image":{"@id":"https:\/\/www.ciascom.com\/ca\/cias-com-ha-implementado-un-plan-de-racionalizacion-y-gestion-energetica-en-el-ministerio-de-justicia\/#primaryimage"},"thumbnailUrl":"https:\/\/www.ciascom.com\/wp-content\/uploads\/2017\/03\/n1.jpg","datePublished":"2017-03-05T18:43:17+00:00","dateModified":"2017-05-30T20:35:32+00:00","author":{"@id":"https:\/\/www.ciascom.com\/ca\/#\/schema\/person\/4962d323b61089eed5fd98b6a6e331e8"},"breadcrumb":{"@id":"https:\/\/www.ciascom.com\/ca\/cias-com-ha-implementado-un-plan-de-racionalizacion-y-gestion-energetica-en-el-ministerio-de-justicia\/#breadcrumb"},"inLanguage":"ca","potentialAction":[{"@type":"ReadAction","target":["https:\/\/www.ciascom.com\/ca\/cias-com-ha-implementado-un-plan-de-racionalizacion-y-gestion-energetica-en-el-ministerio-de-justicia\/"]}]},{"@type":"ImageObject","inLanguage":"ca","@id":"https:\/\/www.ciascom.com\/ca\/cias-com-ha-implementado-un-plan-de-racionalizacion-y-gestion-energetica-en-el-ministerio-de-justicia\/#primaryimage","url":"https:\/\/www.ciascom.com\/wp-content\/uploads\/2017\/03\/n1.jpg","contentUrl":"https:\/\/www.ciascom.com\/wp-content\/uploads\/2017\/03\/n1.jpg","width":528,"height":395},{"@type":"BreadcrumbList","@id":"https:\/\/www.ciascom.com\/ca\/cias-com-ha-implementado-un-plan-de-racionalizacion-y-gestion-energetica-en-el-ministerio-de-justicia\/#breadcrumb","itemListElement":[{"@type":"ListItem","position":1,"name":"Inicio","item":"https:\/\/www.ciascom.com\/ca\/"},{"@type":"ListItem","position":2,"name":"CIAS COM ha implementat un Pla de racionalitzaci\u00f3 i gesti\u00f3 energ\u00e8tica al Ministeri de Just\u00edcia"}]},{"@type":"WebSite","@id":"https:\/\/www.ciascom.com\/ca\/#website","url":"https:\/\/www.ciascom.com\/ca\/","name":"Ciascom","description":"CIAS COM consultor\u00eda especializada en la contrataci\u00f3n, control de servicios generales y gesti\u00f3n de la eficiencia energ\u00e9tica en Administraciones P\u00fablicas y organizaciones privadas","potentialAction":[{"@type":"SearchAction","target":{"@type":"EntryPoint","urlTemplate":"https:\/\/www.ciascom.com\/ca\/?s={search_term_string}"},"query-input":{"@type":"PropertyValueSpecification","valueRequired":true,"valueName":"search_term_string"}}],"inLanguage":"ca"},{"@type":"Person","@id":"https:\/\/www.ciascom.com\/ca\/#\/schema\/person\/4962d323b61089eed5fd98b6a6e331e8","name":"admin001","image":{"@type":"ImageObject","inLanguage":"ca","@id":"https:\/\/www.ciascom.com\/wp-content\/litespeed\/avatar\/f46cfc33ec8637a8f3ad757f50517b28.jpg?ver=1777286793","url":"https:\/\/www.ciascom.com\/wp-content\/litespeed\/avatar\/f46cfc33ec8637a8f3ad757f50517b28.jpg?ver=1777286793","contentUrl":"https:\/\/www.ciascom.com\/wp-content\/litespeed\/avatar\/f46cfc33ec8637a8f3ad757f50517b28.jpg?ver=1777286793","caption":"admin001"},"url":"https:\/\/www.ciascom.com\/ca\/author\/admin001\/"}]}},"_links":{"self":[{"href":"https:\/\/www.ciascom.com\/ca\/wp-json\/wp\/v2\/posts\/1740","targetHints":{"allow":["GET"]}}],"collection":[{"href":"https:\/\/www.ciascom.com\/ca\/wp-json\/wp\/v2\/posts"}],"about":[{"href":"https:\/\/www.ciascom.com\/ca\/wp-json\/wp\/v2\/types\/post"}],"author":[{"embeddable":true,"href":"https:\/\/www.ciascom.com\/ca\/wp-json\/wp\/v2\/users\/1"}],"replies":[{"embeddable":true,"href":"https:\/\/www.ciascom.com\/ca\/wp-json\/wp\/v2\/comments?post=1740"}],"version-history":[{"count":2,"href":"https:\/\/www.ciascom.com\/ca\/wp-json\/wp\/v2\/posts\/1740\/revisions"}],"predecessor-version":[{"id":1745,"href":"https:\/\/www.ciascom.com\/ca\/wp-json\/wp\/v2\/posts\/1740\/revisions\/1745"}],"wp:featuredmedia":[{"embeddable":true,"href":"https:\/\/www.ciascom.com\/ca\/wp-json\/wp\/v2\/media\/1480"}],"wp:attachment":[{"href":"https:\/\/www.ciascom.com\/ca\/wp-json\/wp\/v2\/media?parent=1740"}],"wp:term":[{"taxonomy":"category","embeddable":true,"href":"https:\/\/www.ciascom.com\/ca\/wp-json\/wp\/v2\/categories?post=1740"},{"taxonomy":"post_tag","embeddable":true,"href":"https:\/\/www.ciascom.com\/ca\/wp-json\/wp\/v2\/tags?post=1740"}],"curies":[{"name":"wp","href":"https:\/\/api.w.org\/{rel}","templated":true}]}}