{"id":1172,"date":"2015-03-04T11:53:09","date_gmt":"2015-03-04T11:53:09","guid":{"rendered":"http:\/\/www.ciascom.com\/ministerio-de-justicia-avanza-en-la-implantacion-del-proyecto-gestion-eficiencia-energetica-2\/"},"modified":"2017-05-29T19:26:11","modified_gmt":"2017-05-29T19:26:11","slug":"ministerio-de-justicia-avanza-en-la-implantacion-del-proyecto-gestion-eficiencia-energetica","status":"publish","type":"post","link":"https:\/\/www.ciascom.com\/ca\/ministerio-de-justicia-avanza-en-la-implantacion-del-proyecto-gestion-eficiencia-energetica\/","title":{"rendered":"El Ministeri de Just\u00edcia avan\u00e7a en la implantaci\u00f3 del projecte de gesti\u00f3 i efici\u00e8ncia energ\u00e8tica a Valladolid."},"content":{"rendered":"<p>&nbsp;<\/p>\n<p><img loading=\"lazy\" decoding=\"async\" class=\"size-medium wp-image-1176 alignleft\" src=\"http:\/\/www.ciascom.com\/wp-content\/uploads\/2015\/03\/Audiencia-de-Justicia-de-Valladolid1-300x225.jpg\" alt=\"Audiencia de Justicia de Valladolid\" width=\"300\" height=\"225\" srcset=\"https:\/\/www.ciascom.com\/wp-content\/uploads\/2015\/03\/Audiencia-de-Justicia-de-Valladolid1-300x225.jpg 300w, https:\/\/www.ciascom.com\/wp-content\/uploads\/2015\/03\/Audiencia-de-Justicia-de-Valladolid1-1024x768.jpg 1024w, https:\/\/www.ciascom.com\/wp-content\/uploads\/2015\/03\/Audiencia-de-Justicia-de-Valladolid1.jpg 2048w\" sizes=\"auto, (max-width: 300px) 100vw, 300px\" \/>El Ministeri de Just\u00edcia avan\u00e7a en la implantaci\u00f3 del projecte de gesti\u00f3 i efici\u00e8ncia energ\u00e8tica. Dilluns passat dia 23 de febrer es va finalitzar\u00a0la instal\u00b7laci\u00f3 de dos equips de monitoratge a\u00a0l&#8217;edifici de Jutjats de Valladolid i a l&#8217;Audi\u00e8ncia de Just\u00edcia de Valladolid. Aquests edificis s\u00f3n el referent judicial a la capital de la Comunitat Aut\u00f2noma de Castella i Lle\u00f3. Les dues seus situades al carrer Angustias, es troben separades poques desenes de metres per\u00f2 el\u00e8ctricament es troben unides. Comparteixen un mateix Centre de Transformaci\u00f3, propietat del Ministeri de Just\u00edcia, amb una pot\u00e8ncia de gaireb\u00e9 800 KVA. La instal\u00b7laci\u00f3 de MONITORATGE, permetr\u00e0 analitzar el consum el\u00e8ctric dels dos edificis, els quals comptabilitzen un consum anual d&#8217;energia activa molt important. En una segona fase, es pret\u00e9n estendre a altres consums com gas natural i aigua.<\/p>\n<p>Una altra xifra a tenir en compte \u00e9s la superf\u00edcie conjunta a qu\u00e8 arriben tots dos edificis de gaireb\u00e9 20.000 m\u00b2. Tots dos edificis reben una part important del p\u00fablic que \u00e9s at\u00e8s per l&#8217;Administraci\u00f3 de Just\u00edcia de la capital.<\/p>\n<p>Amb aquesta iniciativa coordinada i supervisada per CIAS COM, es pret\u00e9n establir estrat\u00e8gies per controlar el consum el\u00e8ctric en aquests edificis, implantant gestions m\u00e9s eficaces en els equips amb majors consums, minimitzant els consums innecessaris, detectant funcionaments err\u00e0tics en instal\u00b7lacions que generen sobrecostos, etc.<\/p>\n","protected":false},"excerpt":{"rendered":"<p>&nbsp; El Ministeri de Just\u00edcia avan\u00e7a en la implantaci\u00f3 del projecte de gesti\u00f3 i efici\u00e8ncia energ\u00e8tica. Dilluns passat dia 23 de febrer es va finalitzar\u00a0la instal\u00b7laci\u00f3 de dos equips de monitoratge a\u00a0l&#8217;edifici de Jutjats de Valladolid i a l&#8217;Audi\u00e8ncia de Just\u00edcia de Valladolid. Aquests edificis s\u00f3n el referent judicial a la capital de la Comunitat&hellip;<\/p>\n","protected":false},"author":2,"featured_media":0,"comment_status":"closed","ping_status":"open","sticky":false,"template":"","format":"standard","meta":[],"categories":[43],"tags":[],"class_list":["post-1172","post","type-post","status-publish","format-standard","hentry","category-noticies","category-43","description-off"],"yoast_head":"<!-- This site is optimized with the Yoast SEO plugin v27.3 - https:\/\/yoast.com\/product\/yoast-seo-wordpress\/ -->\n<title>El Ministeri de Just\u00edcia avan\u00e7a en la implantaci\u00f3 del projecte de gesti\u00f3 i efici\u00e8ncia energ\u00e8tica a Valladolid. - Ciascom<\/title>\n<meta name=\"robots\" content=\"index, follow, max-snippet:-1, max-image-preview:large, max-video-preview:-1\" \/>\n<link rel=\"canonical\" href=\"https:\/\/www.ciascom.com\/ca\/ministerio-de-justicia-avanza-en-la-implantacion-del-proyecto-gestion-eficiencia-energetica\/\" \/>\n<meta property=\"og:locale\" content=\"ca_ES\" \/>\n<meta property=\"og:type\" content=\"article\" \/>\n<meta property=\"og:title\" content=\"El Ministeri de Just\u00edcia avan\u00e7a en la implantaci\u00f3 del projecte de gesti\u00f3 i efici\u00e8ncia energ\u00e8tica a Valladolid. - Ciascom\" \/>\n<meta property=\"og:description\" content=\"&nbsp; El Ministeri de Just\u00edcia avan\u00e7a en la implantaci\u00f3 del projecte de gesti\u00f3 i efici\u00e8ncia energ\u00e8tica. Dilluns passat dia 23 de febrer es va finalitzar\u00a0la instal\u00b7laci\u00f3 de dos equips de monitoratge a\u00a0l&#8217;edifici de Jutjats de Valladolid i a l&#8217;Audi\u00e8ncia de Just\u00edcia de Valladolid. Aquests edificis s\u00f3n el referent judicial a la capital de la Comunitat&hellip;\" \/>\n<meta property=\"og:url\" content=\"https:\/\/www.ciascom.com\/ca\/ministerio-de-justicia-avanza-en-la-implantacion-del-proyecto-gestion-eficiencia-energetica\/\" \/>\n<meta property=\"og:site_name\" content=\"Ciascom\" \/>\n<meta property=\"article:published_time\" content=\"2015-03-04T11:53:09+00:00\" \/>\n<meta property=\"article:modified_time\" content=\"2017-05-29T19:26:11+00:00\" \/>\n<meta property=\"og:image\" content=\"http:\/\/www.ciascom.com\/wp-content\/uploads\/2015\/03\/Audiencia-de-Justicia-de-Valladolid1-300x225.jpg\" \/>\n<meta name=\"author\" content=\"ciascom\" \/>\n<meta name=\"twitter:label1\" content=\"Escrit per\" \/>\n\t<meta name=\"twitter:data1\" content=\"ciascom\" \/>\n\t<meta name=\"twitter:label2\" content=\"Temps estimat de lectura\" \/>\n\t<meta name=\"twitter:data2\" content=\"1 minut\" \/>\n<script type=\"application\/ld+json\" class=\"yoast-schema-graph\">{\"@context\":\"https:\\\/\\\/schema.org\",\"@graph\":[{\"@type\":\"Article\",\"@id\":\"https:\\\/\\\/www.ciascom.com\\\/ca\\\/ministerio-de-justicia-avanza-en-la-implantacion-del-proyecto-gestion-eficiencia-energetica\\\/#article\",\"isPartOf\":{\"@id\":\"https:\\\/\\\/www.ciascom.com\\\/ca\\\/ministerio-de-justicia-avanza-en-la-implantacion-del-proyecto-gestion-eficiencia-energetica\\\/\"},\"author\":{\"name\":\"ciascom\",\"@id\":\"https:\\\/\\\/www.ciascom.com\\\/ca\\\/#\\\/schema\\\/person\\\/00bc71c83e3447b8a7db37b6759babdb\"},\"headline\":\"El Ministeri de Just\u00edcia avan\u00e7a en la implantaci\u00f3 del projecte de gesti\u00f3 i efici\u00e8ncia energ\u00e8tica a Valladolid.\",\"datePublished\":\"2015-03-04T11:53:09+00:00\",\"dateModified\":\"2017-05-29T19:26:11+00:00\",\"mainEntityOfPage\":{\"@id\":\"https:\\\/\\\/www.ciascom.com\\\/ca\\\/ministerio-de-justicia-avanza-en-la-implantacion-del-proyecto-gestion-eficiencia-energetica\\\/\"},\"wordCount\":263,\"image\":{\"@id\":\"https:\\\/\\\/www.ciascom.com\\\/ca\\\/ministerio-de-justicia-avanza-en-la-implantacion-del-proyecto-gestion-eficiencia-energetica\\\/#primaryimage\"},\"thumbnailUrl\":\"http:\\\/\\\/www.ciascom.com\\\/wp-content\\\/uploads\\\/2015\\\/03\\\/Audiencia-de-Justicia-de-Valladolid1-300x225.jpg\",\"articleSection\":[\"Noticies\"],\"inLanguage\":\"ca\"},{\"@type\":\"WebPage\",\"@id\":\"https:\\\/\\\/www.ciascom.com\\\/ca\\\/ministerio-de-justicia-avanza-en-la-implantacion-del-proyecto-gestion-eficiencia-energetica\\\/\",\"url\":\"https:\\\/\\\/www.ciascom.com\\\/ca\\\/ministerio-de-justicia-avanza-en-la-implantacion-del-proyecto-gestion-eficiencia-energetica\\\/\",\"name\":\"El Ministeri de Just\u00edcia avan\u00e7a en la implantaci\u00f3 del projecte de gesti\u00f3 i efici\u00e8ncia energ\u00e8tica a Valladolid. - Ciascom\",\"isPartOf\":{\"@id\":\"https:\\\/\\\/www.ciascom.com\\\/ca\\\/#website\"},\"primaryImageOfPage\":{\"@id\":\"https:\\\/\\\/www.ciascom.com\\\/ca\\\/ministerio-de-justicia-avanza-en-la-implantacion-del-proyecto-gestion-eficiencia-energetica\\\/#primaryimage\"},\"image\":{\"@id\":\"https:\\\/\\\/www.ciascom.com\\\/ca\\\/ministerio-de-justicia-avanza-en-la-implantacion-del-proyecto-gestion-eficiencia-energetica\\\/#primaryimage\"},\"thumbnailUrl\":\"http:\\\/\\\/www.ciascom.com\\\/wp-content\\\/uploads\\\/2015\\\/03\\\/Audiencia-de-Justicia-de-Valladolid1-300x225.jpg\",\"datePublished\":\"2015-03-04T11:53:09+00:00\",\"dateModified\":\"2017-05-29T19:26:11+00:00\",\"author\":{\"@id\":\"https:\\\/\\\/www.ciascom.com\\\/ca\\\/#\\\/schema\\\/person\\\/00bc71c83e3447b8a7db37b6759babdb\"},\"breadcrumb\":{\"@id\":\"https:\\\/\\\/www.ciascom.com\\\/ca\\\/ministerio-de-justicia-avanza-en-la-implantacion-del-proyecto-gestion-eficiencia-energetica\\\/#breadcrumb\"},\"inLanguage\":\"ca\",\"potentialAction\":[{\"@type\":\"ReadAction\",\"target\":[\"https:\\\/\\\/www.ciascom.com\\\/ca\\\/ministerio-de-justicia-avanza-en-la-implantacion-del-proyecto-gestion-eficiencia-energetica\\\/\"]}]},{\"@type\":\"ImageObject\",\"inLanguage\":\"ca\",\"@id\":\"https:\\\/\\\/www.ciascom.com\\\/ca\\\/ministerio-de-justicia-avanza-en-la-implantacion-del-proyecto-gestion-eficiencia-energetica\\\/#primaryimage\",\"url\":\"http:\\\/\\\/www.ciascom.com\\\/wp-content\\\/uploads\\\/2015\\\/03\\\/Audiencia-de-Justicia-de-Valladolid1-300x225.jpg\",\"contentUrl\":\"http:\\\/\\\/www.ciascom.com\\\/wp-content\\\/uploads\\\/2015\\\/03\\\/Audiencia-de-Justicia-de-Valladolid1-300x225.jpg\"},{\"@type\":\"BreadcrumbList\",\"@id\":\"https:\\\/\\\/www.ciascom.com\\\/ca\\\/ministerio-de-justicia-avanza-en-la-implantacion-del-proyecto-gestion-eficiencia-energetica\\\/#breadcrumb\",\"itemListElement\":[{\"@type\":\"ListItem\",\"position\":1,\"name\":\"Inicio\",\"item\":\"https:\\\/\\\/www.ciascom.com\\\/ca\\\/\"},{\"@type\":\"ListItem\",\"position\":2,\"name\":\"El Ministeri de Just\u00edcia avan\u00e7a en la implantaci\u00f3 del projecte de gesti\u00f3 i efici\u00e8ncia energ\u00e8tica a Valladolid.\"}]},{\"@type\":\"WebSite\",\"@id\":\"https:\\\/\\\/www.ciascom.com\\\/ca\\\/#website\",\"url\":\"https:\\\/\\\/www.ciascom.com\\\/ca\\\/\",\"name\":\"Ciascom\",\"description\":\"CIAS COM consultor\u00eda especializada en la contrataci\u00f3n, control de servicios generales y gesti\u00f3n de la eficiencia energ\u00e9tica en Administraciones P\u00fablicas y organizaciones privadas\",\"potentialAction\":[{\"@type\":\"SearchAction\",\"target\":{\"@type\":\"EntryPoint\",\"urlTemplate\":\"https:\\\/\\\/www.ciascom.com\\\/ca\\\/?s={search_term_string}\"},\"query-input\":{\"@type\":\"PropertyValueSpecification\",\"valueRequired\":true,\"valueName\":\"search_term_string\"}}],\"inLanguage\":\"ca\"},{\"@type\":\"Person\",\"@id\":\"https:\\\/\\\/www.ciascom.com\\\/ca\\\/#\\\/schema\\\/person\\\/00bc71c83e3447b8a7db37b6759babdb\",\"name\":\"ciascom\",\"image\":{\"@type\":\"ImageObject\",\"inLanguage\":\"ca\",\"@id\":\"https:\\\/\\\/www.ciascom.com\\\/wp-content\\\/litespeed\\\/avatar\\\/8da8d99007e142e37ede0cf27d029ea7.jpg?ver=1777297052\",\"url\":\"https:\\\/\\\/www.ciascom.com\\\/wp-content\\\/litespeed\\\/avatar\\\/8da8d99007e142e37ede0cf27d029ea7.jpg?ver=1777297052\",\"contentUrl\":\"https:\\\/\\\/www.ciascom.com\\\/wp-content\\\/litespeed\\\/avatar\\\/8da8d99007e142e37ede0cf27d029ea7.jpg?ver=1777297052\",\"caption\":\"ciascom\"},\"url\":\"https:\\\/\\\/www.ciascom.com\\\/ca\\\/author\\\/ciascom\\\/\"}]}<\/script>\n<!-- \/ Yoast SEO plugin. -->","yoast_head_json":{"title":"El Ministeri de Just\u00edcia avan\u00e7a en la implantaci\u00f3 del projecte de gesti\u00f3 i efici\u00e8ncia energ\u00e8tica a Valladolid. - Ciascom","robots":{"index":"index","follow":"follow","max-snippet":"max-snippet:-1","max-image-preview":"max-image-preview:large","max-video-preview":"max-video-preview:-1"},"canonical":"https:\/\/www.ciascom.com\/ca\/ministerio-de-justicia-avanza-en-la-implantacion-del-proyecto-gestion-eficiencia-energetica\/","og_locale":"ca_ES","og_type":"article","og_title":"El Ministeri de Just\u00edcia avan\u00e7a en la implantaci\u00f3 del projecte de gesti\u00f3 i efici\u00e8ncia energ\u00e8tica a Valladolid. - Ciascom","og_description":"&nbsp; El Ministeri de Just\u00edcia avan\u00e7a en la implantaci\u00f3 del projecte de gesti\u00f3 i efici\u00e8ncia energ\u00e8tica. Dilluns passat dia 23 de febrer es va finalitzar\u00a0la instal\u00b7laci\u00f3 de dos equips de monitoratge a\u00a0l&#8217;edifici de Jutjats de Valladolid i a l&#8217;Audi\u00e8ncia de Just\u00edcia de Valladolid. Aquests edificis s\u00f3n el referent judicial a la capital de la Comunitat&hellip;","og_url":"https:\/\/www.ciascom.com\/ca\/ministerio-de-justicia-avanza-en-la-implantacion-del-proyecto-gestion-eficiencia-energetica\/","og_site_name":"Ciascom","article_published_time":"2015-03-04T11:53:09+00:00","article_modified_time":"2017-05-29T19:26:11+00:00","og_image":[{"url":"http:\/\/www.ciascom.com\/wp-content\/uploads\/2015\/03\/Audiencia-de-Justicia-de-Valladolid1-300x225.jpg","type":"","width":"","height":""}],"author":"ciascom","twitter_misc":{"Escrit per":"ciascom","Temps estimat de lectura":"1 minut"},"schema":{"@context":"https:\/\/schema.org","@graph":[{"@type":"Article","@id":"https:\/\/www.ciascom.com\/ca\/ministerio-de-justicia-avanza-en-la-implantacion-del-proyecto-gestion-eficiencia-energetica\/#article","isPartOf":{"@id":"https:\/\/www.ciascom.com\/ca\/ministerio-de-justicia-avanza-en-la-implantacion-del-proyecto-gestion-eficiencia-energetica\/"},"author":{"name":"ciascom","@id":"https:\/\/www.ciascom.com\/ca\/#\/schema\/person\/00bc71c83e3447b8a7db37b6759babdb"},"headline":"El Ministeri de Just\u00edcia avan\u00e7a en la implantaci\u00f3 del projecte de gesti\u00f3 i efici\u00e8ncia energ\u00e8tica a Valladolid.","datePublished":"2015-03-04T11:53:09+00:00","dateModified":"2017-05-29T19:26:11+00:00","mainEntityOfPage":{"@id":"https:\/\/www.ciascom.com\/ca\/ministerio-de-justicia-avanza-en-la-implantacion-del-proyecto-gestion-eficiencia-energetica\/"},"wordCount":263,"image":{"@id":"https:\/\/www.ciascom.com\/ca\/ministerio-de-justicia-avanza-en-la-implantacion-del-proyecto-gestion-eficiencia-energetica\/#primaryimage"},"thumbnailUrl":"http:\/\/www.ciascom.com\/wp-content\/uploads\/2015\/03\/Audiencia-de-Justicia-de-Valladolid1-300x225.jpg","articleSection":["Noticies"],"inLanguage":"ca"},{"@type":"WebPage","@id":"https:\/\/www.ciascom.com\/ca\/ministerio-de-justicia-avanza-en-la-implantacion-del-proyecto-gestion-eficiencia-energetica\/","url":"https:\/\/www.ciascom.com\/ca\/ministerio-de-justicia-avanza-en-la-implantacion-del-proyecto-gestion-eficiencia-energetica\/","name":"El Ministeri de Just\u00edcia avan\u00e7a en la implantaci\u00f3 del projecte de gesti\u00f3 i efici\u00e8ncia energ\u00e8tica a Valladolid. - Ciascom","isPartOf":{"@id":"https:\/\/www.ciascom.com\/ca\/#website"},"primaryImageOfPage":{"@id":"https:\/\/www.ciascom.com\/ca\/ministerio-de-justicia-avanza-en-la-implantacion-del-proyecto-gestion-eficiencia-energetica\/#primaryimage"},"image":{"@id":"https:\/\/www.ciascom.com\/ca\/ministerio-de-justicia-avanza-en-la-implantacion-del-proyecto-gestion-eficiencia-energetica\/#primaryimage"},"thumbnailUrl":"http:\/\/www.ciascom.com\/wp-content\/uploads\/2015\/03\/Audiencia-de-Justicia-de-Valladolid1-300x225.jpg","datePublished":"2015-03-04T11:53:09+00:00","dateModified":"2017-05-29T19:26:11+00:00","author":{"@id":"https:\/\/www.ciascom.com\/ca\/#\/schema\/person\/00bc71c83e3447b8a7db37b6759babdb"},"breadcrumb":{"@id":"https:\/\/www.ciascom.com\/ca\/ministerio-de-justicia-avanza-en-la-implantacion-del-proyecto-gestion-eficiencia-energetica\/#breadcrumb"},"inLanguage":"ca","potentialAction":[{"@type":"ReadAction","target":["https:\/\/www.ciascom.com\/ca\/ministerio-de-justicia-avanza-en-la-implantacion-del-proyecto-gestion-eficiencia-energetica\/"]}]},{"@type":"ImageObject","inLanguage":"ca","@id":"https:\/\/www.ciascom.com\/ca\/ministerio-de-justicia-avanza-en-la-implantacion-del-proyecto-gestion-eficiencia-energetica\/#primaryimage","url":"http:\/\/www.ciascom.com\/wp-content\/uploads\/2015\/03\/Audiencia-de-Justicia-de-Valladolid1-300x225.jpg","contentUrl":"http:\/\/www.ciascom.com\/wp-content\/uploads\/2015\/03\/Audiencia-de-Justicia-de-Valladolid1-300x225.jpg"},{"@type":"BreadcrumbList","@id":"https:\/\/www.ciascom.com\/ca\/ministerio-de-justicia-avanza-en-la-implantacion-del-proyecto-gestion-eficiencia-energetica\/#breadcrumb","itemListElement":[{"@type":"ListItem","position":1,"name":"Inicio","item":"https:\/\/www.ciascom.com\/ca\/"},{"@type":"ListItem","position":2,"name":"El Ministeri de Just\u00edcia avan\u00e7a en la implantaci\u00f3 del projecte de gesti\u00f3 i efici\u00e8ncia energ\u00e8tica a Valladolid."}]},{"@type":"WebSite","@id":"https:\/\/www.ciascom.com\/ca\/#website","url":"https:\/\/www.ciascom.com\/ca\/","name":"Ciascom","description":"CIAS COM consultor\u00eda especializada en la contrataci\u00f3n, control de servicios generales y gesti\u00f3n de la eficiencia energ\u00e9tica en Administraciones P\u00fablicas y organizaciones privadas","potentialAction":[{"@type":"SearchAction","target":{"@type":"EntryPoint","urlTemplate":"https:\/\/www.ciascom.com\/ca\/?s={search_term_string}"},"query-input":{"@type":"PropertyValueSpecification","valueRequired":true,"valueName":"search_term_string"}}],"inLanguage":"ca"},{"@type":"Person","@id":"https:\/\/www.ciascom.com\/ca\/#\/schema\/person\/00bc71c83e3447b8a7db37b6759babdb","name":"ciascom","image":{"@type":"ImageObject","inLanguage":"ca","@id":"https:\/\/www.ciascom.com\/wp-content\/litespeed\/avatar\/8da8d99007e142e37ede0cf27d029ea7.jpg?ver=1777297052","url":"https:\/\/www.ciascom.com\/wp-content\/litespeed\/avatar\/8da8d99007e142e37ede0cf27d029ea7.jpg?ver=1777297052","contentUrl":"https:\/\/www.ciascom.com\/wp-content\/litespeed\/avatar\/8da8d99007e142e37ede0cf27d029ea7.jpg?ver=1777297052","caption":"ciascom"},"url":"https:\/\/www.ciascom.com\/ca\/author\/ciascom\/"}]}},"_links":{"self":[{"href":"https:\/\/www.ciascom.com\/ca\/wp-json\/wp\/v2\/posts\/1172","targetHints":{"allow":["GET"]}}],"collection":[{"href":"https:\/\/www.ciascom.com\/ca\/wp-json\/wp\/v2\/posts"}],"about":[{"href":"https:\/\/www.ciascom.com\/ca\/wp-json\/wp\/v2\/types\/post"}],"author":[{"embeddable":true,"href":"https:\/\/www.ciascom.com\/ca\/wp-json\/wp\/v2\/users\/2"}],"replies":[{"embeddable":true,"href":"https:\/\/www.ciascom.com\/ca\/wp-json\/wp\/v2\/comments?post=1172"}],"version-history":[{"count":3,"href":"https:\/\/www.ciascom.com\/ca\/wp-json\/wp\/v2\/posts\/1172\/revisions"}],"predecessor-version":[{"id":1177,"href":"https:\/\/www.ciascom.com\/ca\/wp-json\/wp\/v2\/posts\/1172\/revisions\/1177"}],"wp:attachment":[{"href":"https:\/\/www.ciascom.com\/ca\/wp-json\/wp\/v2\/media?parent=1172"}],"wp:term":[{"taxonomy":"category","embeddable":true,"href":"https:\/\/www.ciascom.com\/ca\/wp-json\/wp\/v2\/categories?post=1172"},{"taxonomy":"post_tag","embeddable":true,"href":"https:\/\/www.ciascom.com\/ca\/wp-json\/wp\/v2\/tags?post=1172"}],"curies":[{"name":"wp","href":"https:\/\/api.w.org\/{rel}","templated":true}]}}